{"id":987,"date":"2017-10-30T19:11:35","date_gmt":"2017-10-30T18:11:35","guid":{"rendered":"http:\/\/fiarse.com\/?p=987"},"modified":"2017-11-16T11:17:18","modified_gmt":"2017-11-16T10:17:18","slug":"viajes-combinados-indemnizaciones-en-caso-de-cancelacion","status":"publish","type":"post","link":"http:\/\/fiarse.com\/?p=987","title":{"rendered":"Viajes combinados: Indemnizaciones en caso de cancelaci\u00f3n"},"content":{"rendered":"<p>Recuerda que el <strong>plazo para reclamar<\/strong> la devoluci\u00f3n del dinero o la indemnizaci\u00f3n es de <strong>dos a\u00f1os<\/strong>, desde la fecha de contrataci\u00f3n del viaje.<\/p>\n<p>Hemos visto en la entrada anterior, determinados <strong>supuestos<\/strong> en los que procede<strong> exigir una indemnizaci\u00f3n<\/strong>. Recordemos cu\u00e1les:<\/p>\n<ol>\n<li>Cuando el <strong>organizador modifica<\/strong> el contrato de Viaje combinado.<\/li>\n<li>Cuando la <strong>Agencia cancela<\/strong> el viaje antes de la salida.<\/li>\n<li>Cuando la <strong>Agencia no confirma<\/strong> la salida<\/li>\n<li>Y, por \u00faltimo, cuando el<strong> cliente decide cancelar<\/strong> el viaje:<\/li>\n<\/ol>\n<table style=\"height: 239px;\" border=\"1\" width=\"574\" cellspacing=\"0\" cellpadding=\"5\">\n<colgroup>\n<col width=\"128*\" \/>\n<col width=\"128*\" \/> <\/colgroup>\n<tbody>\n<tr valign=\"TOP\">\n<td bgcolor=\"#3333ff\" width=\"50%\" height=\"55\">\n<p align=\"CENTER\"><span style=\"color: #ffffff;\">Entre 10 y 15 d\u00edas de antelaci\u00f3n con respecto a la fecha de inicio del viaje<\/span><\/p>\n<\/td>\n<td bgcolor=\"#3333ff\" width=\"50%\">\n<p align=\"CENTER\"><strong><span style=\"color: #ffffff;\">5% del importe total del viaje<\/span><\/strong><\/p>\n<\/td>\n<\/tr>\n<tr valign=\"TOP\">\n<td bgcolor=\"#3333ff\" width=\"50%\" height=\"46\">\n<p align=\"CENTER\"><span style=\"color: #ffffff;\">Entre 3 y 10 d\u00edas de antelaci\u00f3n con respecto a la fecha de inicio del viaje<\/span><\/p>\n<\/td>\n<td bgcolor=\"#3333ff\" width=\"50%\">\n<p align=\"CENTER\"><strong><span style=\"color: #ffffff;\">15% del importe total del viaje<\/span><\/strong><\/p>\n<\/td>\n<\/tr>\n<tr valign=\"TOP\">\n<td bgcolor=\"#3333ff\" width=\"50%\" height=\"47\">\n<p align=\"CENTER\"><span style=\"color: #ffffff;\">Dentro de las 48h anteriores a la salida<\/span><\/p>\n<\/td>\n<td bgcolor=\"#3333ff\" width=\"50%\">\n<p align=\"CENTER\"><strong><span style=\"color: #ffffff;\">25% del importe total del viaje<\/span><\/strong><\/p>\n<\/td>\n<\/tr>\n<\/tbody>\n<\/table>\n","protected":false},"excerpt":{"rendered":"<p>Recuerda que el plazo para reclamar la devoluci\u00f3n del dinero o la indemnizaci\u00f3n es de dos a\u00f1os, desde la fecha de contrataci\u00f3n del viaje. Hemos visto en la entrada anterior, determinados supuestos en los que procede exigir una indemnizaci\u00f3n. Recordemos cu\u00e1les: Cuando el organizador modifica el contrato de Viaje combinado. Cuando la Agencia cancela el &hellip; <a href=\"http:\/\/fiarse.com\/?p=987\" class=\"more-link\">Sigue leyendo <span class=\"screen-reader-text\">Viajes combinados: Indemnizaciones en caso de cancelaci\u00f3n<\/span><\/a><\/p>\n","protected":false},"author":1,"featured_media":972,"comment_status":"open","ping_status":"open","sticky":false,"template":"","format":"standard","meta":{"jetpack_post_was_ever_published":false,"_jetpack_newsletter_access":"","_jetpack_dont_email_post_to_subs":false,"_jetpack_newsletter_tier_id":0,"_jetpack_memberships_contains_paywalled_content":false,"_jetpack_memberships_contains_paid_content":false,"footnotes":"","jetpack_publicize_message":"Viajes combinados: Indemnizaciones en caso de cancelaci\u00f3n","jetpack_publicize_feature_enabled":true,"jetpack_social_post_already_shared":true,"jetpack_social_options":{"image_generator_settings":{"template":"highway","enabled":false}}},"categories":[2,22],"tags":[],"jetpack_publicize_connections":[],"jetpack_featured_media_url":"http:\/\/fiarse.com\/wp-content\/uploads\/2017\/09\/world-461179_1280.jpg","jetpack_sharing_enabled":true,"jetpack_shortlink":"https:\/\/wp.me\/p8pMEI-fV","_links":{"self":[{"href":"http:\/\/fiarse.com\/index.php?rest_route=\/wp\/v2\/posts\/987"}],"collection":[{"href":"http:\/\/fiarse.com\/index.php?rest_route=\/wp\/v2\/posts"}],"about":[{"href":"http:\/\/fiarse.com\/index.php?rest_route=\/wp\/v2\/types\/post"}],"author":[{"embeddable":true,"href":"http:\/\/fiarse.com\/index.php?rest_route=\/wp\/v2\/users\/1"}],"replies":[{"embeddable":true,"href":"http:\/\/fiarse.com\/index.php?rest_route=%2Fwp%2Fv2%2Fcomments&post=987"}],"version-history":[{"count":3,"href":"http:\/\/fiarse.com\/index.php?rest_route=\/wp\/v2\/posts\/987\/revisions"}],"predecessor-version":[{"id":996,"href":"http:\/\/fiarse.com\/index.php?rest_route=\/wp\/v2\/posts\/987\/revisions\/996"}],"wp:featuredmedia":[{"embeddable":true,"href":"http:\/\/fiarse.com\/index.php?rest_route=\/wp\/v2\/media\/972"}],"wp:attachment":[{"href":"http:\/\/fiarse.com\/index.php?rest_route=%2Fwp%2Fv2%2Fmedia&parent=987"}],"wp:term":[{"taxonomy":"category","embeddable":true,"href":"http:\/\/fiarse.com\/index.php?rest_route=%2Fwp%2Fv2%2Fcategories&post=987"},{"taxonomy":"post_tag","embeddable":true,"href":"http:\/\/fiarse.com\/index.php?rest_route=%2Fwp%2Fv2%2Ftags&post=987"}],"curies":[{"name":"wp","href":"https:\/\/api.w.org\/{rel}","templated":true}]}}