{"id":971,"date":"2017-09-30T11:04:00","date_gmt":"2017-09-30T09:04:00","guid":{"rendered":"http:\/\/fiarse.com\/?p=971"},"modified":"2017-09-30T19:22:38","modified_gmt":"2017-09-30T17:22:38","slug":"viajes-combinados","status":"publish","type":"post","link":"http:\/\/fiarse.com\/?p=971","title":{"rendered":"Viajes combinados"},"content":{"rendered":"<p><span style=\"color: #0000ff;\"><strong>\u00bfQu\u00e9 son los viajes combinados?<\/strong><\/span><\/p>\n<p>Son aquellos en los que los consumidores eligen contratar, a trav\u00e9s de una Agencia de viajes, un <strong>paquete<\/strong> que incluya: avi\u00f3n, hotel y traslados. Seg\u00fan la normativa, al menos tienen que contratarse dos de los siguientes elementos:<\/p>\n<ul>\n<li>transporte<\/li>\n<li>alojamiento<\/li>\n<li>otros servicios no accesorios.<\/li>\n<\/ul>\n<p>Como m\u00ednimo la duraci\u00f3n del viaje tiene que ser de <strong>24h<\/strong> y realizar una <strong>pernoctaci\u00f3n<\/strong>. El detallista o el organizador, deben de tener la consideraci\u00f3n de agencia de viajes.<\/p>\n<p><!--more--><\/p>\n<p><strong><span style=\"color: #0000ff;\">Informaci\u00f3n precontractual<\/span><\/strong><\/p>\n<ol>\n<li class=\"list-group-item\"><strong>Destinos<\/strong> y medios de transporte, con menci\u00f3n de sus caracter\u00edsticas y clase.<\/li>\n<li class=\"list-group-item\">Duraci\u00f3n, itinerario y calendario de viaje.<\/li>\n<li class=\"list-group-item\">Relaci\u00f3n de establecimientos de <strong>alojamiento<\/strong>, con indicaci\u00f3n de su tipo, situaci\u00f3n, categor\u00eda o nivel de comodidad y sus principales caracter\u00edsticas.<\/li>\n<li class=\"list-group-item\">El n\u00famero de <strong>comidas<\/strong> que se vayan a servir y, en su caso, si las <strong>bebidas<\/strong> o alg\u00fan tipo de ellas no estuvieran incluidas en el r\u00e9gimen alimenticio previsto.<\/li>\n<li class=\"list-group-item\">Informaci\u00f3n sobre la necesidad de <strong>visados o vacunas<\/strong>.<\/li>\n<li class=\"list-group-item\"><strong>Precio final completo<\/strong> del viaje combinado, incluidos los impuestos, y precio estimado de las excursiones facultativas. Posibilidades de financiaci\u00f3n y formas de pago.<\/li>\n<li class=\"list-group-item\">El importe o el porcentaje del precio que deba pagarse en concepto de <strong>anticipo sobre el precio total<\/strong> y el calendario para el pago de la parte de precio no cubierta por el anticipo desembolsado<\/li>\n<li class=\"list-group-item\">Si para la realizaci\u00f3n del viaje combinado se necesita un <strong>n\u00famero m\u00ednimo<\/strong> de <strong>inscripciones<\/strong> y, en tal caso, la fecha l\u00edmite de informaci\u00f3n al consumidor y usuario en caso de anulaci\u00f3n.<\/li>\n<li class=\"list-group-item\">Cl\u00e1usulas aplicables a posibles responsabilidades, <strong>cancelaciones<\/strong> y dem\u00e1s condiciones del viaje. El plazo de <strong>prescripci\u00f3n<\/strong> de las acciones caducar\u00e1 a los <strong>2 a\u00f1os.<\/strong><\/li>\n<li class=\"list-group-item\">Nombre y domicilio del organizador del viaje combinado as\u00ed como, en su caso, de su representaci\u00f3n legal en Espa\u00f1a.<\/li>\n<li class=\"list-group-item\">Toda informaci\u00f3n adicional y adecuada sobre las caracter\u00edsticas del viaje ofertado.<\/li>\n<\/ol>\n<p><span style=\"color: #0000ff;\"><strong>Car\u00e1cter vinculante de la oferta<\/strong><\/span><\/p>\n<p>Salvo que concurran alguna de las siguientes situaciones:<\/p>\n<ul>\n<li class=\"list-group-item\">Que los cambios, se hayan comunicado claramente por <strong>escrito<\/strong> al consumidor y usuario <strong>antes de la celebraci\u00f3n del contrato<\/strong> y tal posibilidad haya sido objeto de expresa menci\u00f3n en el programa-oferta.<\/li>\n<li class=\"list-group-item\">Que las modificaciones sean <strong>pactadas<\/strong> posteriormente entre las partes.<\/li>\n<\/ul>\n<p><span style=\"color: #0000ff;\"><strong>Cesi\u00f3n de la reserva a otra persona<\/strong><\/span><\/p>\n<p>Es posible ceder la reserva a otra persona, siempre de forma gratuita y en los siguientes casos:<\/p>\n<p><b>a)\u00a0<\/b> Cuando sea comunicada por escrito al detallista o, en su caso, al organizador con una <strong>antelaci\u00f3n m\u00ednima de 15 d\u00edas<\/strong> a la fecha de inicio del viaje, salvo que las partes pacten un plazo menor en el contrato.<\/p>\n<p><b>b) <\/b>La persona que cede la reserva, el beneficiario de la cesi\u00f3n o el organizador, responder\u00e1n del pago del saldo del precio, as\u00ed como de los gastos adicionales justificados que pudiera haber causado dicha cesi\u00f3n.<\/p>\n<p style=\"text-align: center;\"><span style=\"color: #0000ff;\"><strong>FORMULARIO DE CONTACTO<\/strong><\/span><\/p>\n<div role=\"form\" class=\"wpcf7\" id=\"wpcf7-f777-o1\" lang=\"es-ES\" dir=\"ltr\">\n<div class=\"screen-reader-response\"><p role=\"status\" aria-live=\"polite\" aria-atomic=\"true\"><\/p> <ul><\/ul><\/div>\n<form action=\"\/index.php?rest_route=%2Fwp%2Fv2%2Fposts%2F971#wpcf7-f777-o1\" method=\"post\" class=\"wpcf7-form init\" novalidate=\"novalidate\" data-status=\"init\">\n<div style=\"display: none;\">\n<input type=\"hidden\" name=\"_wpcf7\" value=\"777\" \/>\n<input type=\"hidden\" name=\"_wpcf7_version\" value=\"5.6.4\" \/>\n<input type=\"hidden\" name=\"_wpcf7_locale\" value=\"es_ES\" \/>\n<input type=\"hidden\" name=\"_wpcf7_unit_tag\" value=\"wpcf7-f777-o1\" \/>\n<input type=\"hidden\" name=\"_wpcf7_container_post\" value=\"0\" \/>\n<input type=\"hidden\" name=\"_wpcf7_posted_data_hash\" value=\"\" \/>\n<\/div>\n<p><label> Nombre (requerido)<br \/>\n    <span class=\"wpcf7-form-control-wrap\" data-name=\"your-name\"><input type=\"text\" name=\"your-name\" value=\"\" size=\"40\" class=\"wpcf7-form-control wpcf7-text wpcf7-validates-as-required\" aria-required=\"true\" aria-invalid=\"false\" \/><\/span> <\/label><\/p>\n<p><label> Tu correo electr\u00f3nico (requerido)<br \/>\n    <span class=\"wpcf7-form-control-wrap\" data-name=\"your-email\"><input type=\"email\" name=\"your-email\" value=\"\" size=\"40\" class=\"wpcf7-form-control wpcf7-text wpcf7-email wpcf7-validates-as-required wpcf7-validates-as-email\" aria-required=\"true\" aria-invalid=\"false\" \/><\/span> <\/label><\/p>\n<p><label> Asunto<br \/>\n    <span class=\"wpcf7-form-control-wrap\" data-name=\"your-subject\"><input type=\"text\" name=\"your-subject\" value=\"\" size=\"40\" class=\"wpcf7-form-control wpcf7-text\" aria-invalid=\"false\" \/><\/span> <\/label><\/p>\n<p><label> Mensaje<br \/>\n    <span class=\"wpcf7-form-control-wrap\" data-name=\"your-message\"><textarea name=\"your-message\" cols=\"40\" rows=\"10\" class=\"wpcf7-form-control wpcf7-textarea\" aria-invalid=\"false\"><\/textarea><\/span> <\/label><\/p>\n<p><input type=\"submit\" value=\"Enviar\" class=\"wpcf7-form-control has-spinner wpcf7-submit\" \/><\/p>\n<p style=\"display: none !important;\" class=\"akismet-fields-container\" data-prefix=\"_wpcf7_ak_\"><label>&#916;<textarea name=\"_wpcf7_ak_hp_textarea\" cols=\"45\" rows=\"8\" maxlength=\"100\"><\/textarea><\/label><input type=\"hidden\" id=\"ak_js_1\" name=\"_wpcf7_ak_js\" value=\"141\"\/><script>document.getElementById( \"ak_js_1\" ).setAttribute( \"value\", ( new Date() ).getTime() );<\/script><\/p><div class=\"wpcf7-response-output\" aria-hidden=\"true\"><\/div><\/form><\/div>\n","protected":false},"excerpt":{"rendered":"<p>\u00bfQu\u00e9 son los viajes combinados? Son aquellos en los que los consumidores eligen contratar, a trav\u00e9s de una Agencia de viajes, un paquete que incluya: avi\u00f3n, hotel y traslados. Seg\u00fan la normativa, al menos tienen que contratarse dos de los siguientes elementos: transporte alojamiento otros servicios no accesorios. Como m\u00ednimo la duraci\u00f3n del viaje tiene &hellip; <a href=\"http:\/\/fiarse.com\/?p=971\" class=\"more-link\">Sigue leyendo <span class=\"screen-reader-text\">Viajes combinados<\/span><\/a><\/p>\n","protected":false},"author":1,"featured_media":972,"comment_status":"open","ping_status":"open","sticky":false,"template":"","format":"standard","meta":{"jetpack_post_was_ever_published":false,"_jetpack_newsletter_access":"","_jetpack_dont_email_post_to_subs":false,"_jetpack_newsletter_tier_id":0,"_jetpack_memberships_contains_paywalled_content":false,"_jetpack_memberships_contains_paid_content":false,"footnotes":"","jetpack_publicize_message":"","jetpack_publicize_feature_enabled":true,"jetpack_social_post_already_shared":true,"jetpack_social_options":{"image_generator_settings":{"template":"highway","enabled":false}}},"categories":[2,22],"tags":[],"jetpack_publicize_connections":[],"jetpack_featured_media_url":"http:\/\/fiarse.com\/wp-content\/uploads\/2017\/09\/world-461179_1280.jpg","jetpack_sharing_enabled":true,"jetpack_shortlink":"https:\/\/wp.me\/p8pMEI-fF","_links":{"self":[{"href":"http:\/\/fiarse.com\/index.php?rest_route=\/wp\/v2\/posts\/971"}],"collection":[{"href":"http:\/\/fiarse.com\/index.php?rest_route=\/wp\/v2\/posts"}],"about":[{"href":"http:\/\/fiarse.com\/index.php?rest_route=\/wp\/v2\/types\/post"}],"author":[{"embeddable":true,"href":"http:\/\/fiarse.com\/index.php?rest_route=\/wp\/v2\/users\/1"}],"replies":[{"embeddable":true,"href":"http:\/\/fiarse.com\/index.php?rest_route=%2Fwp%2Fv2%2Fcomments&post=971"}],"version-history":[{"count":4,"href":"http:\/\/fiarse.com\/index.php?rest_route=\/wp\/v2\/posts\/971\/revisions"}],"predecessor-version":[{"id":993,"href":"http:\/\/fiarse.com\/index.php?rest_route=\/wp\/v2\/posts\/971\/revisions\/993"}],"wp:featuredmedia":[{"embeddable":true,"href":"http:\/\/fiarse.com\/index.php?rest_route=\/wp\/v2\/media\/972"}],"wp:attachment":[{"href":"http:\/\/fiarse.com\/index.php?rest_route=%2Fwp%2Fv2%2Fmedia&parent=971"}],"wp:term":[{"taxonomy":"category","embeddable":true,"href":"http:\/\/fiarse.com\/index.php?rest_route=%2Fwp%2Fv2%2Fcategories&post=971"},{"taxonomy":"post_tag","embeddable":true,"href":"http:\/\/fiarse.com\/index.php?rest_route=%2Fwp%2Fv2%2Ftags&post=971"}],"curies":[{"name":"wp","href":"https:\/\/api.w.org\/{rel}","templated":true}]}}