{"id":21,"date":"2016-03-15T09:00:04","date_gmt":"2016-03-15T09:00:04","guid":{"rendered":"https:\/\/fiarse.wordpress.com\/2016\/01\/18\/21\/"},"modified":"2016-03-15T09:00:04","modified_gmt":"2016-03-15T09:00:04","slug":"21","status":"publish","type":"post","link":"http:\/\/fiarse.com\/?p=21","title":{"rendered":"D\u00eda Internacional del consumidor (15 de marzo)"},"content":{"rendered":"<p>El 15 de marzo de 1962, el presidente Kennedy en un discurso ante el Congreso de su pa\u00eds, pronunci\u00f3 las siguientes palabras:<\/p>\n<p>\u00abSer consumidor, por definici\u00f3n, nos incluye a todos. Somos el grupo econ\u00f3mico m\u00e1s grande en el mercado, que afecta y es afectado por casi todas las decisiones econ\u00f3micas p\u00fablicas&#8230;.Pero es el \u00fanico grupo importante cuyos puntos de vista, a menudo, no son escuchados\u00bb.<\/p>\n<p><!--more--><\/p>\n<p>Por primera vez, los consumidores fueron considerados como un grupo social capaz de presionar a los sectores econ\u00f3micos.<\/p>\n<p>20 a\u00f1os m\u00e1s tarde, en 1983 se declar\u00f3 el D\u00eda Mundial del Consumidor.<\/p>\n<p><img loading=\"lazy\" decoding=\"async\" class=\"alignnone size-medium wp-image-142\" src=\"http:\/\/fiarse.com\/wp-content\/uploads\/2016\/03\/discurso-kennedy.png?w=300\" alt=\"discurso Kennedy\" width=\"300\" height=\"247\" srcset=\"http:\/\/fiarse.com\/wp-content\/uploads\/2016\/03\/discurso-kennedy.png 449w, http:\/\/fiarse.com\/wp-content\/uploads\/2016\/03\/discurso-kennedy-300x247.png 300w\" sizes=\"(max-width: 300px) 100vw, 300px\" \/><\/p>\n<p><em>Discurso de Kennedy<\/em><\/p>\n","protected":false},"excerpt":{"rendered":"<p>El 15 de marzo de 1962, el presidente Kennedy en un discurso ante el Congreso de su pa\u00eds, pronunci\u00f3 las siguientes palabras: \u00abSer consumidor, por definici\u00f3n, nos incluye a todos. Somos el grupo econ\u00f3mico m\u00e1s grande en el mercado, que afecta y es afectado por casi todas las decisiones econ\u00f3micas p\u00fablicas&#8230;.Pero es el \u00fanico grupo &hellip; <a href=\"http:\/\/fiarse.com\/?p=21\" class=\"more-link\">Sigue leyendo <span class=\"screen-reader-text\">D\u00eda Internacional del consumidor (15 de marzo)<\/span><\/a><\/p>\n","protected":false},"author":1,"featured_media":0,"comment_status":"open","ping_status":"closed","sticky":false,"template":"","format":"standard","meta":{"jetpack_post_was_ever_published":false,"_jetpack_newsletter_access":"","_jetpack_dont_email_post_to_subs":false,"_jetpack_newsletter_tier_id":0,"_jetpack_memberships_contains_paywalled_content":false,"_jetpack_memberships_contains_paid_content":false,"footnotes":"","jetpack_publicize_message":"","jetpack_publicize_feature_enabled":true,"jetpack_social_post_already_shared":false,"jetpack_social_options":{"image_generator_settings":{"template":"highway","enabled":false}}},"categories":[2],"tags":[],"jetpack_publicize_connections":[],"jetpack_featured_media_url":"","jetpack_sharing_enabled":false,"jetpack_shortlink":"https:\/\/wp.me\/s8pMEI-21","_links":{"self":[{"href":"http:\/\/fiarse.com\/index.php?rest_route=\/wp\/v2\/posts\/21"}],"collection":[{"href":"http:\/\/fiarse.com\/index.php?rest_route=\/wp\/v2\/posts"}],"about":[{"href":"http:\/\/fiarse.com\/index.php?rest_route=\/wp\/v2\/types\/post"}],"author":[{"embeddable":true,"href":"http:\/\/fiarse.com\/index.php?rest_route=\/wp\/v2\/users\/1"}],"replies":[{"embeddable":true,"href":"http:\/\/fiarse.com\/index.php?rest_route=%2Fwp%2Fv2%2Fcomments&post=21"}],"version-history":[{"count":0,"href":"http:\/\/fiarse.com\/index.php?rest_route=\/wp\/v2\/posts\/21\/revisions"}],"wp:attachment":[{"href":"http:\/\/fiarse.com\/index.php?rest_route=%2Fwp%2Fv2%2Fmedia&parent=21"}],"wp:term":[{"taxonomy":"category","embeddable":true,"href":"http:\/\/fiarse.com\/index.php?rest_route=%2Fwp%2Fv2%2Fcategories&post=21"},{"taxonomy":"post_tag","embeddable":true,"href":"http:\/\/fiarse.com\/index.php?rest_route=%2Fwp%2Fv2%2Ftags&post=21"}],"curies":[{"name":"wp","href":"https:\/\/api.w.org\/{rel}","templated":true}]}}