{"id":145,"date":"2017-09-19T21:08:10","date_gmt":"2017-09-19T19:08:10","guid":{"rendered":"https:\/\/fiarse.wordpress.com\/?p=145"},"modified":"2020-03-16T16:40:56","modified_gmt":"2020-03-16T15:40:56","slug":"compensacion-economica-en-las-cancelaciones-de-vuelos","status":"publish","type":"post","link":"http:\/\/fiarse.com\/?p=145","title":{"rendered":"Compensaci\u00f3n econ\u00f3mica en las cancelaciones de vuelos"},"content":{"rendered":"<p>Cuando un vuelo se cancela y siempre que se cumplan los requisitos que establece e<b>l art\u00edculo 7 del Reglamento 261\/2004 del Parlamento y el Consejo Europeo<\/b>, el pasajero\/a podr\u00e1 solicitar una compensaci\u00f3n econ\u00f3mica por el perjuicio causado.<\/p>\n<p>De esta forma, la compensaci\u00f3n puede ser entendida como una indemnizaci\u00f3n por los da\u00f1os sufridos.<\/p>\n<p><!--more--><\/p>\n<p>En otro post, explicar\u00e9 cu\u00e1ndo no es posible solicitar la compensaci\u00f3n, por tanto, solo podremos ejercitar este derecho cuando la compa\u00f1\u00eda a\u00e9rea:<\/p>\n<p>1- No haya informado de la cancelaci\u00f3n con antelaci\u00f3n suficiente o no haya podido demostrar esta informaci\u00f3n, es decir, que no pueda probar que haya informado.<\/p>\n<p>2-Cuando haya ofertado un transporte a\u00e9reo alternativo, pero con un horario de salida o llegada del vuelo superior en tiempo al cancelado.<\/p>\n<p>Por tanto, aqu\u00ed ten\u00e9is la tabla de las compensaciones econ\u00f3micas que existen, en funci\u00f3n del n\u00famero de kil\u00f3metros del vuelo desde el origen hasta el destino y diferenciando vuelos comunitarios de los no comunitarios:<\/p>\n<p><img loading=\"lazy\" decoding=\"async\" class=\"alignnone wp-image-146 size-full\" style=\"border: 1px solid #000000;\" src=\"http:\/\/fiarse.com\/wp-content\/uploads\/2016\/03\/indemnizaciones.png\" alt=\"indemnizaciones\" width=\"519\" height=\"215\" srcset=\"http:\/\/fiarse.com\/wp-content\/uploads\/2016\/03\/indemnizaciones.png 519w, http:\/\/fiarse.com\/wp-content\/uploads\/2016\/03\/indemnizaciones-300x124.png 300w\" sizes=\"(max-width: 519px) 100vw, 519px\" \/><\/p>\n<p><em>Indemnizaciones en caso de cancelaci\u00f3n-Fiarse-<\/em><\/p>\n<p>La compensaci\u00f3n deber\u00e1 realizarse en met\u00e1lico, mediante transferencia bancaria o cheque.<\/p>\n<p>Para solicitar esta compensaci\u00f3n, se podr\u00e1n utilizar dos v\u00edas: la <strong>extrajudicial <\/strong>a trav\u00e9s de la reclamaci\u00f3n por escrito y correo certificado\u00a0 a la compa\u00f1\u00eda a\u00e9rea, en primer lugar,\u00a0 o mediante un <strong>juicio verbal si la respuesta es negativa tras la reclamaci\u00f3n extrajudicial.<\/strong><\/p>\n<p style=\"text-align: center;\"><span style=\"color: #0000ff;\"><strong>FORMULARIO DE CONTACTO<\/strong><\/span><\/p>\n<div role=\"form\" class=\"wpcf7\" id=\"wpcf7-f777-o1\" lang=\"es-ES\" dir=\"ltr\">\n<div class=\"screen-reader-response\"><p role=\"status\" aria-live=\"polite\" aria-atomic=\"true\"><\/p> <ul><\/ul><\/div>\n<form action=\"\/index.php?rest_route=%2Fwp%2Fv2%2Fposts%2F145#wpcf7-f777-o1\" method=\"post\" class=\"wpcf7-form init\" novalidate=\"novalidate\" data-status=\"init\">\n<div style=\"display: none;\">\n<input type=\"hidden\" name=\"_wpcf7\" value=\"777\" \/>\n<input type=\"hidden\" name=\"_wpcf7_version\" value=\"5.6.4\" \/>\n<input type=\"hidden\" name=\"_wpcf7_locale\" value=\"es_ES\" \/>\n<input type=\"hidden\" name=\"_wpcf7_unit_tag\" value=\"wpcf7-f777-o1\" \/>\n<input type=\"hidden\" name=\"_wpcf7_container_post\" value=\"0\" \/>\n<input type=\"hidden\" name=\"_wpcf7_posted_data_hash\" value=\"\" \/>\n<\/div>\n<p><label> Nombre (requerido)<br \/>\n    <span class=\"wpcf7-form-control-wrap\" data-name=\"your-name\"><input type=\"text\" name=\"your-name\" value=\"\" size=\"40\" class=\"wpcf7-form-control wpcf7-text wpcf7-validates-as-required\" aria-required=\"true\" aria-invalid=\"false\" \/><\/span> <\/label><\/p>\n<p><label> Tu correo electr\u00f3nico (requerido)<br \/>\n    <span class=\"wpcf7-form-control-wrap\" data-name=\"your-email\"><input type=\"email\" name=\"your-email\" value=\"\" size=\"40\" class=\"wpcf7-form-control wpcf7-text wpcf7-email wpcf7-validates-as-required wpcf7-validates-as-email\" aria-required=\"true\" aria-invalid=\"false\" \/><\/span> <\/label><\/p>\n<p><label> Asunto<br \/>\n    <span class=\"wpcf7-form-control-wrap\" data-name=\"your-subject\"><input type=\"text\" name=\"your-subject\" value=\"\" size=\"40\" class=\"wpcf7-form-control wpcf7-text\" aria-invalid=\"false\" \/><\/span> <\/label><\/p>\n<p><label> Mensaje<br \/>\n    <span class=\"wpcf7-form-control-wrap\" data-name=\"your-message\"><textarea name=\"your-message\" cols=\"40\" rows=\"10\" class=\"wpcf7-form-control wpcf7-textarea\" aria-invalid=\"false\"><\/textarea><\/span> <\/label><\/p>\n<p><input type=\"submit\" value=\"Enviar\" class=\"wpcf7-form-control has-spinner wpcf7-submit\" \/><\/p>\n<p style=\"display: none !important;\" class=\"akismet-fields-container\" data-prefix=\"_wpcf7_ak_\"><label>&#916;<textarea name=\"_wpcf7_ak_hp_textarea\" cols=\"45\" rows=\"8\" maxlength=\"100\"><\/textarea><\/label><input type=\"hidden\" id=\"ak_js_1\" name=\"_wpcf7_ak_js\" value=\"152\"\/><script>document.getElementById( \"ak_js_1\" ).setAttribute( \"value\", ( new Date() ).getTime() );<\/script><\/p><div class=\"wpcf7-response-output\" aria-hidden=\"true\"><\/div><\/form><\/div>\n","protected":false},"excerpt":{"rendered":"<p>Cuando un vuelo se cancela y siempre que se cumplan los requisitos que establece el art\u00edculo 7 del Reglamento 261\/2004 del Parlamento y el Consejo Europeo, el pasajero\/a podr\u00e1 solicitar una compensaci\u00f3n econ\u00f3mica por el perjuicio causado. De esta forma, la compensaci\u00f3n puede ser entendida como una indemnizaci\u00f3n por los da\u00f1os sufridos.<\/p>\n","protected":false},"author":1,"featured_media":965,"comment_status":"open","ping_status":"open","sticky":false,"template":"","format":"standard","meta":{"jetpack_post_was_ever_published":false,"_jetpack_newsletter_access":"","_jetpack_dont_email_post_to_subs":false,"_jetpack_newsletter_tier_id":0,"_jetpack_memberships_contains_paywalled_content":false,"_jetpack_memberships_contains_paid_content":false,"footnotes":"","jetpack_publicize_message":"","jetpack_publicize_feature_enabled":true,"jetpack_social_post_already_shared":true,"jetpack_social_options":{"image_generator_settings":{"template":"highway","enabled":false}}},"categories":[4],"tags":[],"jetpack_publicize_connections":[],"jetpack_featured_media_url":"http:\/\/fiarse.com\/wp-content\/uploads\/2016\/03\/fotonoticia_20140908160951_800.jpg","jetpack_sharing_enabled":true,"jetpack_shortlink":"https:\/\/wp.me\/p8pMEI-2l","_links":{"self":[{"href":"http:\/\/fiarse.com\/index.php?rest_route=\/wp\/v2\/posts\/145"}],"collection":[{"href":"http:\/\/fiarse.com\/index.php?rest_route=\/wp\/v2\/posts"}],"about":[{"href":"http:\/\/fiarse.com\/index.php?rest_route=\/wp\/v2\/types\/post"}],"author":[{"embeddable":true,"href":"http:\/\/fiarse.com\/index.php?rest_route=\/wp\/v2\/users\/1"}],"replies":[{"embeddable":true,"href":"http:\/\/fiarse.com\/index.php?rest_route=%2Fwp%2Fv2%2Fcomments&post=145"}],"version-history":[{"count":4,"href":"http:\/\/fiarse.com\/index.php?rest_route=\/wp\/v2\/posts\/145\/revisions"}],"predecessor-version":[{"id":1196,"href":"http:\/\/fiarse.com\/index.php?rest_route=\/wp\/v2\/posts\/145\/revisions\/1196"}],"wp:featuredmedia":[{"embeddable":true,"href":"http:\/\/fiarse.com\/index.php?rest_route=\/wp\/v2\/media\/965"}],"wp:attachment":[{"href":"http:\/\/fiarse.com\/index.php?rest_route=%2Fwp%2Fv2%2Fmedia&parent=145"}],"wp:term":[{"taxonomy":"category","embeddable":true,"href":"http:\/\/fiarse.com\/index.php?rest_route=%2Fwp%2Fv2%2Fcategories&post=145"},{"taxonomy":"post_tag","embeddable":true,"href":"http:\/\/fiarse.com\/index.php?rest_route=%2Fwp%2Fv2%2Ftags&post=145"}],"curies":[{"name":"wp","href":"https:\/\/api.w.org\/{rel}","templated":true}]}}