{"id":1202,"date":"2020-03-19T18:10:52","date_gmt":"2020-03-19T17:10:52","guid":{"rendered":"http:\/\/fiarse.com\/?p=1202"},"modified":"2020-03-19T18:10:53","modified_gmt":"2020-03-19T17:10:53","slug":"medidas-que-afectan-a-los-consumidores-tras-la-declaracion-del-estado-de-alarma","status":"publish","type":"post","link":"http:\/\/fiarse.com\/?p=1202","title":{"rendered":"Medidas que afectan a los consumidores tras la declaraci\u00f3n del Estado de Alarma"},"content":{"rendered":"\n<p>Desde la declaraci\u00f3n del Estado de Alarma el pasado s\u00e1bado 13 de marzo del 2020, el Gobierno est\u00e1 tomando una serie de medidas que nos afectan a todos los que vivimos en Espa\u00f1a.<\/p>\n\n\n\n<p>Medidas de car\u00e1cter econ\u00f3mico, social, sanitario, social, policial muy duras, en algunos casos, pero necesarias dado el aumento de casos de Covid-19 detectados.<\/p>\n\n\n\n<!--more-->\n\n\n\n<p>Como consecuencia de la entrada en vigor del \u00faltimo Real Decreto, el 18 de marzo, se agravan algunas de las medidas tomadas anteriormente, como por ejemplo:<\/p>\n\n\n\n<p>En relaci\u00f3n a los <strong>Transe\u00fantes<\/strong>: Preferiblemente una persona, excepto que est\u00e9 acompa\u00f1ando a menores, dependientes o vulnerables siempre que exista una causa justificada como ir al m\u00e9dico o a la farmacia. Se puede requerir por la autoridad justificaci\u00f3n documental.<\/p>\n\n\n\n<p><strong>Circulaci\u00f3n en veh\u00edculos<\/strong>: solo un ocupante, excepto acompa\u00f1ante con motivo justificado y sentado en la plaza trasera, ambos con mascarilla.<\/p>\n\n\n\n<p><strong>R\u00e9gimen de visitas<\/strong>: Est\u00e1n autorizados los desplazamientos para la entrega de menores al otro progenitor. Siempre con medidas de seguridad.<\/p>\n\n\n\n<p><strong>Segundas viviendas<\/strong>: Se proh\u00edbe el desplazamiento a segundas residencias. <\/p>\n\n\n\n<p><strong>Establecimientos o sectores que s\u00ed pueden abrir al p\u00fablico o trabajar:<\/strong><\/p>\n\n\n\n<p>Agricultura y ganader\u00eda, aut\u00f3nomos, talleres de automoci\u00f3n solo para reparaciones, establecimientos de comida preparada, estaciones y \u00e1reas de servicio con los servicios de cafeter\u00eda, bar y ba\u00f1o cerrado. Supermercados, tiendas de alimentaci\u00f3n, farmacias, centros m\u00e9dicos, \u00f3pticas y ortopedias, productos de higiene y limpieza, prensa, papeler\u00eda y estando. Tiendas de telefon\u00eda, de animales, tintorer\u00edas y lavander\u00edas. Tiendas multiprecios, ferreter\u00edas y bazares solamente para la venta de alimentos, telefon\u00eda, higiene, etc. Construcci\u00f3n y material de construcci\u00f3n.<\/p>\n\n\n\n<p class=\"has-text-color has-bright-blue-color\"><strong>Medidas concretas de aplicaci\u00f3n a los consumidores<\/strong> <\/p>\n\n\n\n<p>1. Si tu DNI caduca en estas semanas o desde que se decret\u00f3 el estado de alarma, entonces, se renovar\u00e1 autom\u00e1ticamente hasta el 13\/03\/2021.<\/p>\n\n\n\n<p>2. Permiso de conducci\u00f3n: quedar\u00e1 autom\u00e1ticamente prorrogado si ha vencido o vencer\u00e1 durante el estado de alarma. Tendr\u00e1s que renovarlo a su finalizaci\u00f3n.<\/p>\n\n\n\n<figure class=\"wp-block-image size-large\"><img loading=\"lazy\" decoding=\"async\" width=\"1024\" height=\"768\" src=\"http:\/\/fiarse.com\/wp-content\/uploads\/2020\/03\/devoluci\u00f3n-1024x768.jpg\" alt=\"\" class=\"wp-image-1204\" srcset=\"http:\/\/fiarse.com\/wp-content\/uploads\/2020\/03\/devoluci\u00f3n-1024x768.jpg 1024w, http:\/\/fiarse.com\/wp-content\/uploads\/2020\/03\/devoluci\u00f3n-300x225.jpg 300w, http:\/\/fiarse.com\/wp-content\/uploads\/2020\/03\/devoluci\u00f3n-768x576.jpg 768w, http:\/\/fiarse.com\/wp-content\/uploads\/2020\/03\/devoluci\u00f3n-1536x1152.jpg 1536w, http:\/\/fiarse.com\/wp-content\/uploads\/2020\/03\/devoluci\u00f3n.jpg 2048w\" sizes=\"(max-width: 1024px) 100vw, 1024px\" \/><\/figure>\n\n\n\n<figure class=\"wp-block-image size-large\"><img loading=\"lazy\" decoding=\"async\" width=\"1024\" height=\"768\" src=\"http:\/\/fiarse.com\/wp-content\/uploads\/2020\/03\/bono-social-1024x768.jpg\" alt=\"\" class=\"wp-image-1205\" srcset=\"http:\/\/fiarse.com\/wp-content\/uploads\/2020\/03\/bono-social-1024x768.jpg 1024w, http:\/\/fiarse.com\/wp-content\/uploads\/2020\/03\/bono-social-300x225.jpg 300w, http:\/\/fiarse.com\/wp-content\/uploads\/2020\/03\/bono-social-768x576.jpg 768w, http:\/\/fiarse.com\/wp-content\/uploads\/2020\/03\/bono-social-1536x1152.jpg 1536w, http:\/\/fiarse.com\/wp-content\/uploads\/2020\/03\/bono-social.jpg 2048w\" sizes=\"(max-width: 1024px) 100vw, 1024px\" \/><\/figure>\n\n\n\n<figure class=\"wp-block-image size-large\"><img loading=\"lazy\" decoding=\"async\" width=\"1024\" height=\"768\" src=\"http:\/\/fiarse.com\/wp-content\/uploads\/2020\/03\/moratoria-hipotecaria-1024x768.jpg\" alt=\"\" class=\"wp-image-1206\" srcset=\"http:\/\/fiarse.com\/wp-content\/uploads\/2020\/03\/moratoria-hipotecaria-1024x768.jpg 1024w, http:\/\/fiarse.com\/wp-content\/uploads\/2020\/03\/moratoria-hipotecaria-300x225.jpg 300w, http:\/\/fiarse.com\/wp-content\/uploads\/2020\/03\/moratoria-hipotecaria-768x576.jpg 768w, http:\/\/fiarse.com\/wp-content\/uploads\/2020\/03\/moratoria-hipotecaria-1536x1152.jpg 1536w, http:\/\/fiarse.com\/wp-content\/uploads\/2020\/03\/moratoria-hipotecaria.jpg 2048w\" sizes=\"(max-width: 1024px) 100vw, 1024px\" \/><\/figure>\n\n\n<p><!--StartFragment--><\/p>\n\n\n<p>Os dejamos el enlace a los tres Reales Decretos publicados hasta el momento:<\/p>\n\n\n\n<p>&#8211;<a href=\"https:\/\/www.boe.es\/buscar\/doc.php?id=BOE-A-2020-3692\">Real Decreto 463\/2020, de 14 de marzo, por el que se declara el estado de alarma para la gesti\u00f3n de la situaci\u00f3n de crisis sanitaria ocasionada por el COVID-19.<\/a><\/p>\n\n\n\n<p><a href=\"file:\/\/\/C:\/Users\/luciaFF\/Desktop\/BOE-A-2020-3824.pdf\">-Real Decreto Ley 8\/2020, de 17 de marzo, de medidas urgentes extraordinarias para hacer frente al impacto econ\u00f3mico y social del COVID-19.<\/a><\/p>\n\n\n\n<p>&#8211;<a href=\"https:\/\/www.boe.es\/boe\/dias\/2020\/03\/18\/pdfs\/BOE-A-2020-3828.pdf\">Real Decreto 465\/2020, de 17 de marzo, por el que se modifica el Real Decreto 463\/2020, de 14 de marzo, por el que se declara el estado de alarma para la gesti\u00f3n de la situaci\u00f3n de crisis sanitaria ocasionada por el COVID-19<\/a><\/p>\n\n\n<p><!--EndFragment--><\/p>\n\n<p>Si tienes alguna duda o quieres realizar una reclamaci\u00f3n, ponte en contacto con nosotras, a trav\u00e9s de este formulario:<\/p>\n<p><div role=\"form\" class=\"wpcf7\" id=\"wpcf7-f777-o1\" lang=\"es-ES\" dir=\"ltr\">\n<div class=\"screen-reader-response\"><p role=\"status\" aria-live=\"polite\" aria-atomic=\"true\"><\/p> <ul><\/ul><\/div>\n<form action=\"\/index.php?rest_route=%2Fwp%2Fv2%2Fposts%2F1202#wpcf7-f777-o1\" method=\"post\" class=\"wpcf7-form init\" novalidate=\"novalidate\" data-status=\"init\">\n<div style=\"display: none;\">\n<input type=\"hidden\" name=\"_wpcf7\" value=\"777\" \/>\n<input type=\"hidden\" name=\"_wpcf7_version\" value=\"5.6.4\" \/>\n<input type=\"hidden\" name=\"_wpcf7_locale\" value=\"es_ES\" \/>\n<input type=\"hidden\" name=\"_wpcf7_unit_tag\" value=\"wpcf7-f777-o1\" \/>\n<input type=\"hidden\" name=\"_wpcf7_container_post\" value=\"0\" \/>\n<input type=\"hidden\" name=\"_wpcf7_posted_data_hash\" value=\"\" \/>\n<\/div>\n<p><label> Nombre (requerido)<br \/>\n    <span class=\"wpcf7-form-control-wrap\" data-name=\"your-name\"><input type=\"text\" name=\"your-name\" value=\"\" size=\"40\" class=\"wpcf7-form-control wpcf7-text wpcf7-validates-as-required\" aria-required=\"true\" aria-invalid=\"false\" \/><\/span> <\/label><\/p>\n<p><label> Tu correo electr\u00f3nico (requerido)<br \/>\n    <span class=\"wpcf7-form-control-wrap\" data-name=\"your-email\"><input type=\"email\" name=\"your-email\" value=\"\" size=\"40\" class=\"wpcf7-form-control wpcf7-text wpcf7-email wpcf7-validates-as-required wpcf7-validates-as-email\" aria-required=\"true\" aria-invalid=\"false\" \/><\/span> <\/label><\/p>\n<p><label> Asunto<br \/>\n    <span class=\"wpcf7-form-control-wrap\" data-name=\"your-subject\"><input type=\"text\" name=\"your-subject\" value=\"\" size=\"40\" class=\"wpcf7-form-control wpcf7-text\" aria-invalid=\"false\" \/><\/span> <\/label><\/p>\n<p><label> Mensaje<br \/>\n    <span class=\"wpcf7-form-control-wrap\" data-name=\"your-message\"><textarea name=\"your-message\" cols=\"40\" rows=\"10\" class=\"wpcf7-form-control wpcf7-textarea\" aria-invalid=\"false\"><\/textarea><\/span> <\/label><\/p>\n<p><input type=\"submit\" value=\"Enviar\" class=\"wpcf7-form-control has-spinner wpcf7-submit\" \/><\/p>\n<p style=\"display: none !important;\" class=\"akismet-fields-container\" data-prefix=\"_wpcf7_ak_\"><label>&#916;<textarea name=\"_wpcf7_ak_hp_textarea\" cols=\"45\" rows=\"8\" maxlength=\"100\"><\/textarea><\/label><input type=\"hidden\" id=\"ak_js_1\" name=\"_wpcf7_ak_js\" value=\"28\"\/><script>document.getElementById( \"ak_js_1\" ).setAttribute( \"value\", ( new Date() ).getTime() );<\/script><\/p><div class=\"wpcf7-response-output\" aria-hidden=\"true\"><\/div><\/form><\/div>%MCEPASTEBIN%<\/p>","protected":false},"excerpt":{"rendered":"<p>Desde la declaraci\u00f3n del Estado de Alarma el pasado s\u00e1bado 13 de marzo del 2020, el Gobierno est\u00e1 tomando una serie de medidas que nos afectan a todos los que vivimos en Espa\u00f1a. Medidas de car\u00e1cter econ\u00f3mico, social, sanitario, social, policial muy duras, en algunos casos, pero necesarias dado el aumento de casos de Covid-19 &hellip; <a href=\"http:\/\/fiarse.com\/?p=1202\" class=\"more-link\">Sigue leyendo <span class=\"screen-reader-text\">Medidas que afectan a los consumidores tras la declaraci\u00f3n del Estado de Alarma<\/span><\/a><\/p>\n","protected":false},"author":1,"featured_media":1208,"comment_status":"open","ping_status":"open","sticky":false,"template":"","format":"standard","meta":{"jetpack_post_was_ever_published":false,"_jetpack_newsletter_access":"","_jetpack_dont_email_post_to_subs":false,"_jetpack_newsletter_tier_id":0,"_jetpack_memberships_contains_paywalled_content":false,"_jetpack_memberships_contains_paid_content":false,"footnotes":"","jetpack_publicize_message":"","jetpack_publicize_feature_enabled":true,"jetpack_social_post_already_shared":true,"jetpack_social_options":{"image_generator_settings":{"template":"highway","enabled":false}}},"categories":[2],"tags":[],"jetpack_publicize_connections":[],"jetpack_featured_media_url":"http:\/\/fiarse.com\/wp-content\/uploads\/2020\/03\/coronavirus.jpg","jetpack_sharing_enabled":true,"jetpack_shortlink":"https:\/\/wp.me\/p8pMEI-jo","_links":{"self":[{"href":"http:\/\/fiarse.com\/index.php?rest_route=\/wp\/v2\/posts\/1202"}],"collection":[{"href":"http:\/\/fiarse.com\/index.php?rest_route=\/wp\/v2\/posts"}],"about":[{"href":"http:\/\/fiarse.com\/index.php?rest_route=\/wp\/v2\/types\/post"}],"author":[{"embeddable":true,"href":"http:\/\/fiarse.com\/index.php?rest_route=\/wp\/v2\/users\/1"}],"replies":[{"embeddable":true,"href":"http:\/\/fiarse.com\/index.php?rest_route=%2Fwp%2Fv2%2Fcomments&post=1202"}],"version-history":[{"count":4,"href":"http:\/\/fiarse.com\/index.php?rest_route=\/wp\/v2\/posts\/1202\/revisions"}],"predecessor-version":[{"id":1211,"href":"http:\/\/fiarse.com\/index.php?rest_route=\/wp\/v2\/posts\/1202\/revisions\/1211"}],"wp:featuredmedia":[{"embeddable":true,"href":"http:\/\/fiarse.com\/index.php?rest_route=\/wp\/v2\/media\/1208"}],"wp:attachment":[{"href":"http:\/\/fiarse.com\/index.php?rest_route=%2Fwp%2Fv2%2Fmedia&parent=1202"}],"wp:term":[{"taxonomy":"category","embeddable":true,"href":"http:\/\/fiarse.com\/index.php?rest_route=%2Fwp%2Fv2%2Fcategories&post=1202"},{"taxonomy":"post_tag","embeddable":true,"href":"http:\/\/fiarse.com\/index.php?rest_route=%2Fwp%2Fv2%2Ftags&post=1202"}],"curies":[{"name":"wp","href":"https:\/\/api.w.org\/{rel}","templated":true}]}}