{"id":1157,"date":"2020-01-15T11:37:42","date_gmt":"2020-01-15T10:37:42","guid":{"rendered":"http:\/\/fiarse.com\/?p=1157"},"modified":"2020-01-15T11:48:05","modified_gmt":"2020-01-15T10:48:05","slug":"es-responsable-una-compania-aerea-por-derramar-un-cafe-sobre-un-pasajero","status":"publish","type":"post","link":"http:\/\/fiarse.com\/?p=1157","title":{"rendered":"\u00bfEs responsable una compa\u00f1\u00eda a\u00e9rea por derramar un caf\u00e9 sobre un pasajero?"},"content":{"rendered":"\n<p>El Tribunal de Justicia de la Uni\u00f3n Europea acaba de dictar una sentencia en la que explica el concepto de accidente.<\/p>\n\n\n\n<p style=\"color:#121212\" class=\"has-text-color\">Los hechos sucedieron en el a\u00f1o <strong>2015<\/strong> en un avi\u00f3n que viajaba entre Mallorca y Viena, con la compa\u00f1\u00eda Niki Luftfahrt. Viajaban un padre y su hija de 6 a\u00f1os, en un determinado momento, un <strong>caf\u00e9 caliente<\/strong> colocado sobre la bandeja del asiento del padre, <strong>se vuelca<\/strong> sobre la ni\u00f1a causando <strong>quemaduras <\/strong>de segundo grado en muslos y pecho.<\/p>\n\n\n\n<!--more-->\n\n\n\n<p>No pudo determinarse si el vaso de caf\u00e9 se  hab\u00eda volcado debido a un defecto en la bandeja plegable sobre la que se  hab\u00eda depositado o a las vibraciones del avi\u00f3n.<\/p>\n\n\n\n<p>Los demandantes (padre e hija) solicitaron a la compa\u00f1\u00eda a\u00e9rea una indemnizaci\u00f3n por restituci\u00f3n del <strong>da\u00f1o de 8.500\u20ac<\/strong>.<\/p>\n\n\n\n<p>Los distintos tribunales austr\u00edacos fueron resolviendo a favor y en contra de los demandantes, hasta que el Tribunal Supremo de Austria decidi\u00f3 consultar a Europa, debido a la inexactitud del concepto accidente en el <strong>Convenio de Montreal<\/strong>:<\/p>\n\n\n\n<p>Art\u00edculo 17.1):<\/p>\n\n\n\n<p>\u00ab<em>El transportista es  responsable del da\u00f1o causado en caso de muerte o de lesi\u00f3n corporal de  un pasajero por la sola raz\u00f3n de que el accidente que caus\u00f3 la muerte o  lesi\u00f3n se haya producido a bordo de la aeronave o durante cualquiera de  las operaciones de embarque o desembarque<\/em>.\u00bb<\/p>\n\n\n\n<p><strong>\u00bfQu\u00e9 debe de entenderse por accidente?<\/strong> \u00bfSolamente un riesgo t\u00edpico de la aviaci\u00f3n?<\/p>\n\n\n\n<p><strong>El TJUE hace una interpretaci\u00f3n amplia<\/strong> y, finalmente, considera que un accidente a bordo de una aeronave pueden ser todas las situaciones que se producen a bordo  de una aeronave en las que un <strong>objeto<\/strong> utilizado para el servicio a los  pasajeros <strong>ha causado una lesi\u00f3n corporal a un pasajero.<\/strong><\/p>\n\n\n\n<p>Las decisiones del TJUE son <strong>vinculantes<\/strong> para los tribunales europeos. Consulta la sentencia, <a href=\"http:\/\/curia.europa.eu\/juris\/document\/document.jsf?text=&amp;docid=221796&amp;pageIndex=0&amp;doclang=ES&amp;mode=lst&amp;dir=&amp;occ=first&amp;part=1&amp;cid=216227\">aqu\u00ed<\/a>.<\/p>\n\n\n\n<p>Si tienes alguna duda o consulta, puedes utilizar el siguiente formulario. Tambi\u00e9n puedes seguirnos en nuestras redes sociales <a href=\"https:\/\/www.facebook.com\/fiarse\/\">Facebook<\/a>, <a href=\"https:\/\/twitter.com\/Fiarse1\">Twitter<\/a> o seguirnos por email.<\/p>\n\n\n\n<div role=\"form\" class=\"wpcf7\" id=\"wpcf7-f777-o1\" lang=\"es-ES\" dir=\"ltr\">\n<div class=\"screen-reader-response\"><p role=\"status\" aria-live=\"polite\" aria-atomic=\"true\"><\/p> <ul><\/ul><\/div>\n<form action=\"\/index.php?rest_route=%2Fwp%2Fv2%2Fposts%2F1157#wpcf7-f777-o1\" method=\"post\" class=\"wpcf7-form init\" novalidate=\"novalidate\" data-status=\"init\">\n<div style=\"display: none;\">\n<input type=\"hidden\" name=\"_wpcf7\" value=\"777\" \/>\n<input type=\"hidden\" name=\"_wpcf7_version\" value=\"5.6.4\" \/>\n<input type=\"hidden\" name=\"_wpcf7_locale\" value=\"es_ES\" \/>\n<input type=\"hidden\" name=\"_wpcf7_unit_tag\" value=\"wpcf7-f777-o1\" \/>\n<input type=\"hidden\" name=\"_wpcf7_container_post\" value=\"0\" \/>\n<input type=\"hidden\" name=\"_wpcf7_posted_data_hash\" value=\"\" \/>\n<\/div>\n<p><label> Nombre (requerido)<br \/>\n    <span class=\"wpcf7-form-control-wrap\" data-name=\"your-name\"><input type=\"text\" name=\"your-name\" value=\"\" size=\"40\" class=\"wpcf7-form-control wpcf7-text wpcf7-validates-as-required\" aria-required=\"true\" aria-invalid=\"false\" \/><\/span> <\/label><\/p>\n<p><label> Tu correo electr\u00f3nico (requerido)<br \/>\n    <span class=\"wpcf7-form-control-wrap\" data-name=\"your-email\"><input type=\"email\" name=\"your-email\" value=\"\" size=\"40\" class=\"wpcf7-form-control wpcf7-text wpcf7-email wpcf7-validates-as-required wpcf7-validates-as-email\" aria-required=\"true\" aria-invalid=\"false\" \/><\/span> <\/label><\/p>\n<p><label> Asunto<br \/>\n    <span class=\"wpcf7-form-control-wrap\" data-name=\"your-subject\"><input type=\"text\" name=\"your-subject\" value=\"\" size=\"40\" class=\"wpcf7-form-control wpcf7-text\" aria-invalid=\"false\" \/><\/span> <\/label><\/p>\n<p><label> Mensaje<br \/>\n    <span class=\"wpcf7-form-control-wrap\" data-name=\"your-message\"><textarea name=\"your-message\" cols=\"40\" rows=\"10\" class=\"wpcf7-form-control wpcf7-textarea\" aria-invalid=\"false\"><\/textarea><\/span> <\/label><\/p>\n<p><input type=\"submit\" value=\"Enviar\" class=\"wpcf7-form-control has-spinner wpcf7-submit\" \/><\/p>\n<p style=\"display: none !important;\" class=\"akismet-fields-container\" data-prefix=\"_wpcf7_ak_\"><label>&#916;<textarea name=\"_wpcf7_ak_hp_textarea\" cols=\"45\" rows=\"8\" maxlength=\"100\"><\/textarea><\/label><input type=\"hidden\" id=\"ak_js_1\" name=\"_wpcf7_ak_js\" value=\"0\"\/><script>document.getElementById( \"ak_js_1\" ).setAttribute( \"value\", ( new Date() ).getTime() );<\/script><\/p><div class=\"wpcf7-response-output\" aria-hidden=\"true\"><\/div><\/form><\/div>\n","protected":false},"excerpt":{"rendered":"<p>El Tribunal de Justicia de la Uni\u00f3n Europea acaba de dictar una sentencia en la que explica el concepto de accidente. Los hechos sucedieron en el a\u00f1o 2015 en un avi\u00f3n que viajaba entre Mallorca y Viena, con la compa\u00f1\u00eda Niki Luftfahrt. Viajaban un padre y su hija de 6 a\u00f1os, en un determinado momento, &hellip; <a href=\"http:\/\/fiarse.com\/?p=1157\" class=\"more-link\">Sigue leyendo <span class=\"screen-reader-text\">\u00bfEs responsable una compa\u00f1\u00eda a\u00e9rea por derramar un caf\u00e9 sobre un pasajero?<\/span><\/a><\/p>\n","protected":false},"author":1,"featured_media":1162,"comment_status":"open","ping_status":"open","sticky":false,"template":"","format":"standard","meta":{"jetpack_post_was_ever_published":false,"_jetpack_newsletter_access":"","_jetpack_dont_email_post_to_subs":false,"_jetpack_newsletter_tier_id":0,"_jetpack_memberships_contains_paywalled_content":false,"_jetpack_memberships_contains_paid_content":false,"footnotes":"","jetpack_publicize_message":"","jetpack_publicize_feature_enabled":true,"jetpack_social_post_already_shared":true,"jetpack_social_options":{"image_generator_settings":{"template":"highway","enabled":false}}},"categories":[4],"tags":[34,35,36],"jetpack_publicize_connections":[],"jetpack_featured_media_url":"http:\/\/fiarse.com\/wp-content\/uploads\/2020\/01\/interior-avio\u0301n.jpg","jetpack_sharing_enabled":true,"jetpack_shortlink":"https:\/\/wp.me\/p8pMEI-iF","_links":{"self":[{"href":"http:\/\/fiarse.com\/index.php?rest_route=\/wp\/v2\/posts\/1157"}],"collection":[{"href":"http:\/\/fiarse.com\/index.php?rest_route=\/wp\/v2\/posts"}],"about":[{"href":"http:\/\/fiarse.com\/index.php?rest_route=\/wp\/v2\/types\/post"}],"author":[{"embeddable":true,"href":"http:\/\/fiarse.com\/index.php?rest_route=\/wp\/v2\/users\/1"}],"replies":[{"embeddable":true,"href":"http:\/\/fiarse.com\/index.php?rest_route=%2Fwp%2Fv2%2Fcomments&post=1157"}],"version-history":[{"count":4,"href":"http:\/\/fiarse.com\/index.php?rest_route=\/wp\/v2\/posts\/1157\/revisions"}],"predecessor-version":[{"id":1165,"href":"http:\/\/fiarse.com\/index.php?rest_route=\/wp\/v2\/posts\/1157\/revisions\/1165"}],"wp:featuredmedia":[{"embeddable":true,"href":"http:\/\/fiarse.com\/index.php?rest_route=\/wp\/v2\/media\/1162"}],"wp:attachment":[{"href":"http:\/\/fiarse.com\/index.php?rest_route=%2Fwp%2Fv2%2Fmedia&parent=1157"}],"wp:term":[{"taxonomy":"category","embeddable":true,"href":"http:\/\/fiarse.com\/index.php?rest_route=%2Fwp%2Fv2%2Fcategories&post=1157"},{"taxonomy":"post_tag","embeddable":true,"href":"http:\/\/fiarse.com\/index.php?rest_route=%2Fwp%2Fv2%2Ftags&post=1157"}],"curies":[{"name":"wp","href":"https:\/\/api.w.org\/{rel}","templated":true}]}}