{"id":1003,"date":"2017-11-15T12:05:23","date_gmt":"2017-11-15T11:05:23","guid":{"rendered":"http:\/\/fiarse.com\/?p=1003"},"modified":"2017-11-15T12:05:23","modified_gmt":"2017-11-15T11:05:23","slug":"aprobado-el-nuevo-proyecto-de-proteccion-de-datos-novedades","status":"publish","type":"post","link":"http:\/\/fiarse.com\/?p=1003","title":{"rendered":"Aprobado el nuevo proyecto de Protecci\u00f3n de datos: novedades"},"content":{"rendered":"<p>El 10 de noviembre del 2017, se ha aprobado el nuevo proyecto de Ley <b>Org\u00e1nica de Protecci\u00f3n de Datos de Car\u00e1cter Personal<\/b> que adaptar\u00e1 nuestra legislaci\u00f3n a las disposiciones del<b><strong> Reglamento UE 2016\/679.<\/strong><\/b><\/p>\n<p>El Reglamento, entrar\u00e1 <strong>en vigor el pr\u00f3ximo 25 de marzo<\/strong> del a\u00f1o que viene, y tiene por objetivo, adem\u00e1s de armonizar las diferentes normativas europeas, el aumento de la protecci\u00f3n y seguridad jur\u00eddica debido a la evoluci\u00f3n de la tecnolog\u00eda y la sociedad de la informaci\u00f3n.<\/p>\n<p><!--more--><\/p>\n<p>Principales novedades que introducir\u00e1:<\/p>\n<ul>\n<li>Los menores de edad, <span style=\"color: #0000ff;\"><strong>mayores de 13 a\u00f1os<\/strong><\/span> podr\u00e1n dar su consentimiento para el tratamiento de datos de car\u00e1cter personal.<\/li>\n<li>Se <span style=\"text-decoration: underline;\">excluye la figura del consentimiento t\u00e1cito<\/span> que se sustituye por una <strong><span style=\"color: #0000ff;\">acci\u00f3n afirmativa y expresa<\/span><\/strong> por parte del afectado.<\/li>\n<li>Se tomar\u00e1 en cuenta el tratamiento de los datos correspondientes a <span style=\"color: #0000ff;\"><strong>personas fallecidas<\/strong> <\/span>sobre la base de la solicitud de sus herederos.<\/li>\n<li>Se recoge expresamente el <span style=\"color: #0000ff;\"><strong>deber de confidencialidad.<\/strong><\/span><\/li>\n<li>Se potenciar\u00e1 la <strong><span style=\"color: #0000ff;\">f<\/span><span style=\"color: #0000ff;\">igura del Delegado de Protecci\u00f3n de Datos<\/span><\/strong>, que puede ser persona f\u00edsica o jur\u00eddica y que mantendr\u00e1 relaci\u00f3n con la AEPD en nombre de su entidad.<\/li>\n<li>A los derechos ARCO se suman, los derechos a la <strong><span style=\"color: #0000ff;\">limitaci\u00f3n del tratamiento y a la portabilidad,<\/span><\/strong> y se modifica ligeramente el derecho de cancelaci\u00f3n (ahora derecho de supresi\u00f3n).<\/li>\n<li>Se mantiene la <span style=\"color: #0000ff;\"><strong>prohibici\u00f3n<\/strong><\/span> de almacenar datos de especial protecci\u00f3n, como <strong><span style=\"color: #0000ff;\">ideolog\u00eda, afiliaci\u00f3n sindical, religi\u00f3n, orientaci\u00f3n sexual, origen racial o \u00e9tnico y creencias<\/span><\/strong>. En estas categor\u00edas, el solo consentimiento del interesado no basta para dar viabilidad al tratamiento.<\/li>\n<li>Regula situaciones en las que se aprecia la <span style=\"color: #0000ff;\"><strong>existencia de inter\u00e9s p\u00fablico<\/strong>,<\/span> como los relacionados con la<span style=\"color: #0000ff;\"> <strong>videovigilancia y sistemas de exclusi\u00f3n publicitaria (<em>listas Robinson<\/em>)<\/strong><\/span>, la funci\u00f3n estad\u00edstica p\u00fablica y las denuncias internas en el sector privado.<\/li>\n<li>El legislador contemplar\u00e1 como presunci\u00f3n, la<span style=\"color: #0000ff;\"> <strong>prevalencia del inter\u00e9s leg\u00edtimo<\/strong><\/span> del responsable del tratamiento de los datos en cumplimiento de determinados requisitos, como en el caso de los <strong><span style=\"color: #0000ff;\">sistemas de informaci\u00f3n crediticia.<\/span><\/strong><\/li>\n<\/ul>\n<p>Esperamos que esta informaci\u00f3n os sea \u00fatil, como siempre pod\u00e9is contactar con nosotros mediante este <strong>Formulario<\/strong><\/p>\n<div role=\"form\" class=\"wpcf7\" id=\"wpcf7-f777-o1\" lang=\"es-ES\" dir=\"ltr\">\n<div class=\"screen-reader-response\"><p role=\"status\" aria-live=\"polite\" aria-atomic=\"true\"><\/p> <ul><\/ul><\/div>\n<form action=\"\/index.php?rest_route=%2Fwp%2Fv2%2Fposts%2F1003#wpcf7-f777-o1\" method=\"post\" class=\"wpcf7-form init\" novalidate=\"novalidate\" data-status=\"init\">\n<div style=\"display: none;\">\n<input type=\"hidden\" name=\"_wpcf7\" value=\"777\" \/>\n<input type=\"hidden\" name=\"_wpcf7_version\" value=\"5.6.4\" \/>\n<input type=\"hidden\" name=\"_wpcf7_locale\" value=\"es_ES\" \/>\n<input type=\"hidden\" name=\"_wpcf7_unit_tag\" value=\"wpcf7-f777-o1\" \/>\n<input type=\"hidden\" name=\"_wpcf7_container_post\" value=\"0\" \/>\n<input type=\"hidden\" name=\"_wpcf7_posted_data_hash\" value=\"\" \/>\n<\/div>\n<p><label> Nombre (requerido)<br \/>\n    <span class=\"wpcf7-form-control-wrap\" data-name=\"your-name\"><input type=\"text\" name=\"your-name\" value=\"\" size=\"40\" class=\"wpcf7-form-control wpcf7-text wpcf7-validates-as-required\" aria-required=\"true\" aria-invalid=\"false\" \/><\/span> <\/label><\/p>\n<p><label> Tu correo electr\u00f3nico (requerido)<br \/>\n    <span class=\"wpcf7-form-control-wrap\" data-name=\"your-email\"><input type=\"email\" name=\"your-email\" value=\"\" size=\"40\" class=\"wpcf7-form-control wpcf7-text wpcf7-email wpcf7-validates-as-required wpcf7-validates-as-email\" aria-required=\"true\" aria-invalid=\"false\" \/><\/span> <\/label><\/p>\n<p><label> Asunto<br \/>\n    <span class=\"wpcf7-form-control-wrap\" data-name=\"your-subject\"><input type=\"text\" name=\"your-subject\" value=\"\" size=\"40\" class=\"wpcf7-form-control wpcf7-text\" aria-invalid=\"false\" \/><\/span> <\/label><\/p>\n<p><label> Mensaje<br \/>\n    <span class=\"wpcf7-form-control-wrap\" data-name=\"your-message\"><textarea name=\"your-message\" cols=\"40\" rows=\"10\" class=\"wpcf7-form-control wpcf7-textarea\" aria-invalid=\"false\"><\/textarea><\/span> <\/label><\/p>\n<p><input type=\"submit\" value=\"Enviar\" class=\"wpcf7-form-control has-spinner wpcf7-submit\" \/><\/p>\n<p style=\"display: none !important;\" class=\"akismet-fields-container\" data-prefix=\"_wpcf7_ak_\"><label>&#916;<textarea name=\"_wpcf7_ak_hp_textarea\" cols=\"45\" rows=\"8\" maxlength=\"100\"><\/textarea><\/label><input type=\"hidden\" id=\"ak_js_1\" name=\"_wpcf7_ak_js\" value=\"191\"\/><script>document.getElementById( \"ak_js_1\" ).setAttribute( \"value\", ( new Date() ).getTime() );<\/script><\/p><div class=\"wpcf7-response-output\" aria-hidden=\"true\"><\/div><\/form><\/div>\n","protected":false},"excerpt":{"rendered":"<p>El 10 de noviembre del 2017, se ha aprobado el nuevo proyecto de Ley Org\u00e1nica de Protecci\u00f3n de Datos de Car\u00e1cter Personal que adaptar\u00e1 nuestra legislaci\u00f3n a las disposiciones del Reglamento UE 2016\/679. El Reglamento, entrar\u00e1 en vigor el pr\u00f3ximo 25 de marzo del a\u00f1o que viene, y tiene por objetivo, adem\u00e1s de armonizar las &hellip; <a href=\"http:\/\/fiarse.com\/?p=1003\" class=\"more-link\">Sigue leyendo <span class=\"screen-reader-text\">Aprobado el nuevo proyecto de Protecci\u00f3n de datos: novedades<\/span><\/a><\/p>\n","protected":false},"author":1,"featured_media":1004,"comment_status":"open","ping_status":"open","sticky":false,"template":"","format":"standard","meta":{"jetpack_post_was_ever_published":false,"_jetpack_newsletter_access":"","_jetpack_dont_email_post_to_subs":false,"_jetpack_newsletter_tier_id":0,"_jetpack_memberships_contains_paywalled_content":false,"_jetpack_memberships_contains_paid_content":false,"footnotes":"","jetpack_publicize_message":"","jetpack_publicize_feature_enabled":true,"jetpack_social_post_already_shared":true,"jetpack_social_options":{"image_generator_settings":{"template":"highway","enabled":false}}},"categories":[28],"tags":[],"jetpack_publicize_connections":[],"jetpack_featured_media_url":"http:\/\/fiarse.com\/wp-content\/uploads\/2017\/11\/fingerprint-2904774_1280.jpg","jetpack_sharing_enabled":true,"jetpack_shortlink":"https:\/\/wp.me\/p8pMEI-gb","_links":{"self":[{"href":"http:\/\/fiarse.com\/index.php?rest_route=\/wp\/v2\/posts\/1003"}],"collection":[{"href":"http:\/\/fiarse.com\/index.php?rest_route=\/wp\/v2\/posts"}],"about":[{"href":"http:\/\/fiarse.com\/index.php?rest_route=\/wp\/v2\/types\/post"}],"author":[{"embeddable":true,"href":"http:\/\/fiarse.com\/index.php?rest_route=\/wp\/v2\/users\/1"}],"replies":[{"embeddable":true,"href":"http:\/\/fiarse.com\/index.php?rest_route=%2Fwp%2Fv2%2Fcomments&post=1003"}],"version-history":[{"count":2,"href":"http:\/\/fiarse.com\/index.php?rest_route=\/wp\/v2\/posts\/1003\/revisions"}],"predecessor-version":[{"id":1006,"href":"http:\/\/fiarse.com\/index.php?rest_route=\/wp\/v2\/posts\/1003\/revisions\/1006"}],"wp:featuredmedia":[{"embeddable":true,"href":"http:\/\/fiarse.com\/index.php?rest_route=\/wp\/v2\/media\/1004"}],"wp:attachment":[{"href":"http:\/\/fiarse.com\/index.php?rest_route=%2Fwp%2Fv2%2Fmedia&parent=1003"}],"wp:term":[{"taxonomy":"category","embeddable":true,"href":"http:\/\/fiarse.com\/index.php?rest_route=%2Fwp%2Fv2%2Fcategories&post=1003"},{"taxonomy":"post_tag","embeddable":true,"href":"http:\/\/fiarse.com\/index.php?rest_route=%2Fwp%2Fv2%2Ftags&post=1003"}],"curies":[{"name":"wp","href":"https:\/\/api.w.org\/{rel}","templated":true}]}}